{"id":9751,"date":"2024-10-15T11:01:29","date_gmt":"2024-10-15T11:01:29","guid":{"rendered":"https:\/\/firstbasegroundscrews.com\/?p=9751"},"modified":"2024-10-16T11:14:35","modified_gmt":"2024-10-16T11:14:35","slug":"visite-a-first-base-na-feira-prefab-em-den-bosch","status":"publish","type":"post","link":"https:\/\/firstbasegroundscrews.com\/pt-pt\/visite-a-first-base-na-feira-prefab-em-den-bosch\/","title":{"rendered":"Visite a FIRST BASE na feira PREFAB em Den Bosch"},"content":{"rendered":"\n<p><strong>Al\u00e9m do evento FutureScape em Londres, tamb\u00e9m estaremos presentes na <a href=\"https:\/\/www.prefabbeurs.nl\/nl\/\">feira PREFAB<\/a> em Den Bosch! Um evento focado em sistemas e designs de constru\u00e7\u00e3o pr\u00e9-fabricados. Aqui, mostramos como nossos parafusos de funda\u00e7\u00e3o se encaixam perfeitamente em solu\u00e7\u00f5es de constru\u00e7\u00e3o modular modernas.<\/strong><\/p>\n\n\n\n<p>De 15 a 17 de outubro, estaremos prontos para responder a todas as suas perguntas e apresentar nossos mais novos produtos. Se estiver por perto, ser\u00e1 um prazer receb\u00ea-lo no estande G034!<\/p>\n\n\n\n<figure class=\"wp-block-image size-large\"><img loading=\"lazy\" decoding=\"async\" width=\"700\" height=\"526\" src=\"https:\/\/firstbasegroundscrews.com\/wp-content\/uploads\/2024\/10\/PREFAB-2-700x526.jpeg\" alt=\"\" class=\"wp-image-9741\" srcset=\"https:\/\/firstbasegroundscrews.com\/wp-content\/uploads\/2024\/10\/PREFAB-2-700x526.jpeg 700w, https:\/\/firstbasegroundscrews.com\/wp-content\/uploads\/2024\/10\/PREFAB-2-250x188.jpeg 250w, https:\/\/firstbasegroundscrews.com\/wp-content\/uploads\/2024\/10\/PREFAB-2-768x577.jpeg 768w, https:\/\/firstbasegroundscrews.com\/wp-content\/uploads\/2024\/10\/PREFAB-2-1536x1154.jpeg 1536w, https:\/\/firstbasegroundscrews.com\/wp-content\/uploads\/2024\/10\/PREFAB-2-2048x1539.jpeg 2048w, https:\/\/firstbasegroundscrews.com\/wp-content\/uploads\/2024\/10\/PREFAB-2-400x301.jpeg 400w, https:\/\/firstbasegroundscrews.com\/wp-content\/uploads\/2024\/10\/PREFAB-2-120x90.jpeg 120w, https:\/\/firstbasegroundscrews.com\/wp-content\/uploads\/2024\/10\/PREFAB-2-266x200.jpeg 266w, https:\/\/firstbasegroundscrews.com\/wp-content\/uploads\/2024\/10\/PREFAB-2-1438x1080.jpeg 1438w\" sizes=\"auto, (max-width: 700px) 100vw, 700px\" \/><\/figure>\n","protected":false},"excerpt":{"rendered":"Al\u00e9m do evento FutureScape em Londres, tamb\u00e9m estaremos presentes na feira PREFAB em Den Bosch! Um evento focado em sistemas e designs de constru\u00e7\u00e3o pr\u00e9-fabricados. Aqui, mostramos como nossos parafusos de funda\u00e7\u00e3o se encaixam perfeitamente em solu\u00e7\u00f5es de constru\u00e7\u00e3o modular modernas.","protected":false},"author":7,"featured_media":9736,"comment_status":"open","ping_status":"closed","sticky":false,"template":"","format":"standard","meta":{"_acf_changed":false,"footnotes":""},"categories":[20],"tags":[],"class_list":["post-9751","post","type-post","status-publish","format-standard","has-post-thumbnail","hentry","category-sem-categoria"],"acf":[],"yoast_head":"<!-- This site is optimized with the Yoast SEO plugin v27.3 - https:\/\/yoast.com\/product\/yoast-seo-wordpress\/ -->\n<title>Visite a FIRST BASE na feira PREFAB em Den Bosch - FIRST BASE Ground Screws<\/title>\n<meta name=\"description\" content=\"Al\u00e9m do evento FutureScape em Londres, tamb\u00e9m estaremos presentes na feira PREFAB em Den Bosch! Um evento focado em sistemas e designs de constru\u00e7\u00e3o pr\u00e9-fabricados. Aqui, mostramos como nossos parafusos de funda\u00e7\u00e3o se encaixam perfeitamente em solu\u00e7\u00f5es de constru\u00e7\u00e3o modular modernas.\" \/>\n<meta name=\"robots\" content=\"index, follow, max-snippet:-1, max-image-preview:large, max-video-preview:-1\" \/>\n<link rel=\"canonical\" href=\"https:\/\/firstbasegroundscrews.com\/pt-pt\/visite-a-first-base-na-feira-prefab-em-den-bosch\/\" \/>\n<meta property=\"og:locale\" content=\"pt_PT\" \/>\n<meta property=\"og:type\" content=\"article\" \/>\n<meta property=\"og:title\" content=\"Visite a FIRST BASE na feira PREFAB em Den Bosch - FIRST BASE Ground Screws\" \/>\n<meta property=\"og:description\" content=\"Al\u00e9m do evento FutureScape em Londres, tamb\u00e9m estaremos presentes na feira PREFAB em Den Bosch! Um evento focado em sistemas e designs de constru\u00e7\u00e3o pr\u00e9-fabricados. Aqui, mostramos como nossos parafusos de funda\u00e7\u00e3o se encaixam perfeitamente em solu\u00e7\u00f5es de constru\u00e7\u00e3o modular modernas.\" \/>\n<meta property=\"og:url\" content=\"https:\/\/firstbasegroundscrews.com\/pt-pt\/visite-a-first-base-na-feira-prefab-em-den-bosch\/\" \/>\n<meta property=\"og:site_name\" content=\"FIRST BASE Ground Screws\" \/>\n<meta property=\"article:published_time\" content=\"2024-10-15T11:01:29+00:00\" \/>\n<meta property=\"article:modified_time\" content=\"2024-10-16T11:14:35+00:00\" \/>\n<meta property=\"og:image\" content=\"https:\/\/firstbasegroundscrews.com\/wp-content\/uploads\/2024\/10\/PREFAB-1-scaled.jpeg\" \/>\n\t<meta property=\"og:image:width\" content=\"2560\" \/>\n\t<meta property=\"og:image:height\" content=\"1920\" \/>\n\t<meta property=\"og:image:type\" content=\"image\/jpeg\" \/>\n<meta name=\"author\" content=\"Nathalie Duinkerke\" \/>\n<meta name=\"twitter:card\" content=\"summary_large_image\" \/>\n<meta name=\"twitter:label1\" content=\"Escrito por\" \/>\n\t<meta name=\"twitter:data1\" content=\"Nathalie Duinkerke\" \/>\n\t<meta name=\"twitter:label2\" content=\"Tempo estimado de leitura\" \/>\n\t<meta name=\"twitter:data2\" content=\"1 minuto\" \/>\n<script type=\"application\/ld+json\" class=\"yoast-schema-graph\">{\"@context\":\"https:\\\/\\\/schema.org\",\"@graph\":[{\"@type\":\"Article\",\"@id\":\"https:\\\/\\\/firstbasegroundscrews.com\\\/pt-pt\\\/visite-a-first-base-na-feira-prefab-em-den-bosch\\\/#article\",\"isPartOf\":{\"@id\":\"https:\\\/\\\/firstbasegroundscrews.com\\\/pt-pt\\\/visite-a-first-base-na-feira-prefab-em-den-bosch\\\/\"},\"author\":{\"name\":\"Nathalie Duinkerke\",\"@id\":\"https:\\\/\\\/firstbasegroundscrews.com\\\/pt-pt\\\/#\\\/schema\\\/person\\\/e4b1f760bd76ed85cc0d918bc641f951\"},\"headline\":\"Visite a FIRST BASE na feira PREFAB em Den Bosch\",\"datePublished\":\"2024-10-15T11:01:29+00:00\",\"dateModified\":\"2024-10-16T11:14:35+00:00\",\"mainEntityOfPage\":{\"@id\":\"https:\\\/\\\/firstbasegroundscrews.com\\\/pt-pt\\\/visite-a-first-base-na-feira-prefab-em-den-bosch\\\/\"},\"wordCount\":89,\"commentCount\":0,\"image\":{\"@id\":\"https:\\\/\\\/firstbasegroundscrews.com\\\/pt-pt\\\/visite-a-first-base-na-feira-prefab-em-den-bosch\\\/#primaryimage\"},\"thumbnailUrl\":\"https:\\\/\\\/firstbasegroundscrews.com\\\/wp-content\\\/uploads\\\/2024\\\/10\\\/PREFAB-1-scaled.jpeg\",\"inLanguage\":\"pt-PT\",\"potentialAction\":[{\"@type\":\"CommentAction\",\"name\":\"Comment\",\"target\":[\"https:\\\/\\\/firstbasegroundscrews.com\\\/pt-pt\\\/visite-a-first-base-na-feira-prefab-em-den-bosch\\\/#respond\"]}]},{\"@type\":\"WebPage\",\"@id\":\"https:\\\/\\\/firstbasegroundscrews.com\\\/pt-pt\\\/visite-a-first-base-na-feira-prefab-em-den-bosch\\\/\",\"url\":\"https:\\\/\\\/firstbasegroundscrews.com\\\/pt-pt\\\/visite-a-first-base-na-feira-prefab-em-den-bosch\\\/\",\"name\":\"Visite a FIRST BASE na feira PREFAB em Den Bosch - FIRST BASE Ground Screws\",\"isPartOf\":{\"@id\":\"https:\\\/\\\/firstbasegroundscrews.com\\\/pt-pt\\\/#website\"},\"primaryImageOfPage\":{\"@id\":\"https:\\\/\\\/firstbasegroundscrews.com\\\/pt-pt\\\/visite-a-first-base-na-feira-prefab-em-den-bosch\\\/#primaryimage\"},\"image\":{\"@id\":\"https:\\\/\\\/firstbasegroundscrews.com\\\/pt-pt\\\/visite-a-first-base-na-feira-prefab-em-den-bosch\\\/#primaryimage\"},\"thumbnailUrl\":\"https:\\\/\\\/firstbasegroundscrews.com\\\/wp-content\\\/uploads\\\/2024\\\/10\\\/PREFAB-1-scaled.jpeg\",\"datePublished\":\"2024-10-15T11:01:29+00:00\",\"dateModified\":\"2024-10-16T11:14:35+00:00\",\"author\":{\"@id\":\"https:\\\/\\\/firstbasegroundscrews.com\\\/pt-pt\\\/#\\\/schema\\\/person\\\/e4b1f760bd76ed85cc0d918bc641f951\"},\"description\":\"Al\u00e9m do evento FutureScape em Londres, tamb\u00e9m estaremos presentes na feira PREFAB em Den Bosch! Um evento focado em sistemas e designs de constru\u00e7\u00e3o pr\u00e9-fabricados. Aqui, mostramos como nossos parafusos de funda\u00e7\u00e3o se encaixam perfeitamente em solu\u00e7\u00f5es de constru\u00e7\u00e3o modular modernas.\",\"breadcrumb\":{\"@id\":\"https:\\\/\\\/firstbasegroundscrews.com\\\/pt-pt\\\/visite-a-first-base-na-feira-prefab-em-den-bosch\\\/#breadcrumb\"},\"inLanguage\":\"pt-PT\",\"potentialAction\":[{\"@type\":\"ReadAction\",\"target\":[\"https:\\\/\\\/firstbasegroundscrews.com\\\/pt-pt\\\/visite-a-first-base-na-feira-prefab-em-den-bosch\\\/\"]}]},{\"@type\":\"ImageObject\",\"inLanguage\":\"pt-PT\",\"@id\":\"https:\\\/\\\/firstbasegroundscrews.com\\\/pt-pt\\\/visite-a-first-base-na-feira-prefab-em-den-bosch\\\/#primaryimage\",\"url\":\"https:\\\/\\\/firstbasegroundscrews.com\\\/wp-content\\\/uploads\\\/2024\\\/10\\\/PREFAB-1-scaled.jpeg\",\"contentUrl\":\"https:\\\/\\\/firstbasegroundscrews.com\\\/wp-content\\\/uploads\\\/2024\\\/10\\\/PREFAB-1-scaled.jpeg\",\"width\":2560,\"height\":1920},{\"@type\":\"BreadcrumbList\",\"@id\":\"https:\\\/\\\/firstbasegroundscrews.com\\\/pt-pt\\\/visite-a-first-base-na-feira-prefab-em-den-bosch\\\/#breadcrumb\",\"itemListElement\":[{\"@type\":\"ListItem\",\"position\":1,\"name\":\"Home\",\"item\":\"https:\\\/\\\/firstbasegroundscrews.com\\\/pt-pt\\\/\"},{\"@type\":\"ListItem\",\"position\":2,\"name\":\"Visite a FIRST BASE na feira PREFAB em Den Bosch\"}]},{\"@type\":\"WebSite\",\"@id\":\"https:\\\/\\\/firstbasegroundscrews.com\\\/pt-pt\\\/#website\",\"url\":\"https:\\\/\\\/firstbasegroundscrews.com\\\/pt-pt\\\/\",\"name\":\"FIRST BASE Ground Screws\",\"description\":\"High quality ground screws for solid foundations\",\"potentialAction\":[{\"@type\":\"SearchAction\",\"target\":{\"@type\":\"EntryPoint\",\"urlTemplate\":\"https:\\\/\\\/firstbasegroundscrews.com\\\/pt-pt\\\/?s={search_term_string}\"},\"query-input\":{\"@type\":\"PropertyValueSpecification\",\"valueRequired\":true,\"valueName\":\"search_term_string\"}}],\"inLanguage\":\"pt-PT\"},{\"@type\":\"Person\",\"@id\":\"https:\\\/\\\/firstbasegroundscrews.com\\\/pt-pt\\\/#\\\/schema\\\/person\\\/e4b1f760bd76ed85cc0d918bc641f951\",\"name\":\"Nathalie Duinkerke\",\"image\":{\"@type\":\"ImageObject\",\"inLanguage\":\"pt-PT\",\"@id\":\"https:\\\/\\\/secure.gravatar.com\\\/avatar\\\/165854f0f33ccf97d22320ee107eeb9ab71b16fc5f0132de5e390b8e959fdce0?s=96&d=mm&r=g\",\"url\":\"https:\\\/\\\/secure.gravatar.com\\\/avatar\\\/165854f0f33ccf97d22320ee107eeb9ab71b16fc5f0132de5e390b8e959fdce0?s=96&d=mm&r=g\",\"contentUrl\":\"https:\\\/\\\/secure.gravatar.com\\\/avatar\\\/165854f0f33ccf97d22320ee107eeb9ab71b16fc5f0132de5e390b8e959fdce0?s=96&d=mm&r=g\",\"caption\":\"Nathalie Duinkerke\"}}]}<\/script>\n<!-- \/ Yoast SEO plugin. -->","yoast_head_json":{"title":"Visite a FIRST BASE na feira PREFAB em Den Bosch - FIRST BASE Ground Screws","description":"Al\u00e9m do evento FutureScape em Londres, tamb\u00e9m estaremos presentes na feira PREFAB em Den Bosch! Um evento focado em sistemas e designs de constru\u00e7\u00e3o pr\u00e9-fabricados. Aqui, mostramos como nossos parafusos de funda\u00e7\u00e3o se encaixam perfeitamente em solu\u00e7\u00f5es de constru\u00e7\u00e3o modular modernas.","robots":{"index":"index","follow":"follow","max-snippet":"max-snippet:-1","max-image-preview":"max-image-preview:large","max-video-preview":"max-video-preview:-1"},"canonical":"https:\/\/firstbasegroundscrews.com\/pt-pt\/visite-a-first-base-na-feira-prefab-em-den-bosch\/","og_locale":"pt_PT","og_type":"article","og_title":"Visite a FIRST BASE na feira PREFAB em Den Bosch - FIRST BASE Ground Screws","og_description":"Al\u00e9m do evento FutureScape em Londres, tamb\u00e9m estaremos presentes na feira PREFAB em Den Bosch! Um evento focado em sistemas e designs de constru\u00e7\u00e3o pr\u00e9-fabricados. Aqui, mostramos como nossos parafusos de funda\u00e7\u00e3o se encaixam perfeitamente em solu\u00e7\u00f5es de constru\u00e7\u00e3o modular modernas.","og_url":"https:\/\/firstbasegroundscrews.com\/pt-pt\/visite-a-first-base-na-feira-prefab-em-den-bosch\/","og_site_name":"FIRST BASE Ground Screws","article_published_time":"2024-10-15T11:01:29+00:00","article_modified_time":"2024-10-16T11:14:35+00:00","og_image":[{"width":2560,"height":1920,"url":"https:\/\/firstbasegroundscrews.com\/wp-content\/uploads\/2024\/10\/PREFAB-1-scaled.jpeg","type":"image\/jpeg"}],"author":"Nathalie Duinkerke","twitter_card":"summary_large_image","twitter_misc":{"Escrito por":"Nathalie Duinkerke","Tempo estimado de leitura":"1 minuto"},"schema":{"@context":"https:\/\/schema.org","@graph":[{"@type":"Article","@id":"https:\/\/firstbasegroundscrews.com\/pt-pt\/visite-a-first-base-na-feira-prefab-em-den-bosch\/#article","isPartOf":{"@id":"https:\/\/firstbasegroundscrews.com\/pt-pt\/visite-a-first-base-na-feira-prefab-em-den-bosch\/"},"author":{"name":"Nathalie Duinkerke","@id":"https:\/\/firstbasegroundscrews.com\/pt-pt\/#\/schema\/person\/e4b1f760bd76ed85cc0d918bc641f951"},"headline":"Visite a FIRST BASE na feira PREFAB em Den Bosch","datePublished":"2024-10-15T11:01:29+00:00","dateModified":"2024-10-16T11:14:35+00:00","mainEntityOfPage":{"@id":"https:\/\/firstbasegroundscrews.com\/pt-pt\/visite-a-first-base-na-feira-prefab-em-den-bosch\/"},"wordCount":89,"commentCount":0,"image":{"@id":"https:\/\/firstbasegroundscrews.com\/pt-pt\/visite-a-first-base-na-feira-prefab-em-den-bosch\/#primaryimage"},"thumbnailUrl":"https:\/\/firstbasegroundscrews.com\/wp-content\/uploads\/2024\/10\/PREFAB-1-scaled.jpeg","inLanguage":"pt-PT","potentialAction":[{"@type":"CommentAction","name":"Comment","target":["https:\/\/firstbasegroundscrews.com\/pt-pt\/visite-a-first-base-na-feira-prefab-em-den-bosch\/#respond"]}]},{"@type":"WebPage","@id":"https:\/\/firstbasegroundscrews.com\/pt-pt\/visite-a-first-base-na-feira-prefab-em-den-bosch\/","url":"https:\/\/firstbasegroundscrews.com\/pt-pt\/visite-a-first-base-na-feira-prefab-em-den-bosch\/","name":"Visite a FIRST BASE na feira PREFAB em Den Bosch - FIRST BASE Ground Screws","isPartOf":{"@id":"https:\/\/firstbasegroundscrews.com\/pt-pt\/#website"},"primaryImageOfPage":{"@id":"https:\/\/firstbasegroundscrews.com\/pt-pt\/visite-a-first-base-na-feira-prefab-em-den-bosch\/#primaryimage"},"image":{"@id":"https:\/\/firstbasegroundscrews.com\/pt-pt\/visite-a-first-base-na-feira-prefab-em-den-bosch\/#primaryimage"},"thumbnailUrl":"https:\/\/firstbasegroundscrews.com\/wp-content\/uploads\/2024\/10\/PREFAB-1-scaled.jpeg","datePublished":"2024-10-15T11:01:29+00:00","dateModified":"2024-10-16T11:14:35+00:00","author":{"@id":"https:\/\/firstbasegroundscrews.com\/pt-pt\/#\/schema\/person\/e4b1f760bd76ed85cc0d918bc641f951"},"description":"Al\u00e9m do evento FutureScape em Londres, tamb\u00e9m estaremos presentes na feira PREFAB em Den Bosch! Um evento focado em sistemas e designs de constru\u00e7\u00e3o pr\u00e9-fabricados. Aqui, mostramos como nossos parafusos de funda\u00e7\u00e3o se encaixam perfeitamente em solu\u00e7\u00f5es de constru\u00e7\u00e3o modular modernas.","breadcrumb":{"@id":"https:\/\/firstbasegroundscrews.com\/pt-pt\/visite-a-first-base-na-feira-prefab-em-den-bosch\/#breadcrumb"},"inLanguage":"pt-PT","potentialAction":[{"@type":"ReadAction","target":["https:\/\/firstbasegroundscrews.com\/pt-pt\/visite-a-first-base-na-feira-prefab-em-den-bosch\/"]}]},{"@type":"ImageObject","inLanguage":"pt-PT","@id":"https:\/\/firstbasegroundscrews.com\/pt-pt\/visite-a-first-base-na-feira-prefab-em-den-bosch\/#primaryimage","url":"https:\/\/firstbasegroundscrews.com\/wp-content\/uploads\/2024\/10\/PREFAB-1-scaled.jpeg","contentUrl":"https:\/\/firstbasegroundscrews.com\/wp-content\/uploads\/2024\/10\/PREFAB-1-scaled.jpeg","width":2560,"height":1920},{"@type":"BreadcrumbList","@id":"https:\/\/firstbasegroundscrews.com\/pt-pt\/visite-a-first-base-na-feira-prefab-em-den-bosch\/#breadcrumb","itemListElement":[{"@type":"ListItem","position":1,"name":"Home","item":"https:\/\/firstbasegroundscrews.com\/pt-pt\/"},{"@type":"ListItem","position":2,"name":"Visite a FIRST BASE na feira PREFAB em Den Bosch"}]},{"@type":"WebSite","@id":"https:\/\/firstbasegroundscrews.com\/pt-pt\/#website","url":"https:\/\/firstbasegroundscrews.com\/pt-pt\/","name":"FIRST BASE Ground Screws","description":"High quality ground screws for solid foundations","potentialAction":[{"@type":"SearchAction","target":{"@type":"EntryPoint","urlTemplate":"https:\/\/firstbasegroundscrews.com\/pt-pt\/?s={search_term_string}"},"query-input":{"@type":"PropertyValueSpecification","valueRequired":true,"valueName":"search_term_string"}}],"inLanguage":"pt-PT"},{"@type":"Person","@id":"https:\/\/firstbasegroundscrews.com\/pt-pt\/#\/schema\/person\/e4b1f760bd76ed85cc0d918bc641f951","name":"Nathalie Duinkerke","image":{"@type":"ImageObject","inLanguage":"pt-PT","@id":"https:\/\/secure.gravatar.com\/avatar\/165854f0f33ccf97d22320ee107eeb9ab71b16fc5f0132de5e390b8e959fdce0?s=96&d=mm&r=g","url":"https:\/\/secure.gravatar.com\/avatar\/165854f0f33ccf97d22320ee107eeb9ab71b16fc5f0132de5e390b8e959fdce0?s=96&d=mm&r=g","contentUrl":"https:\/\/secure.gravatar.com\/avatar\/165854f0f33ccf97d22320ee107eeb9ab71b16fc5f0132de5e390b8e959fdce0?s=96&d=mm&r=g","caption":"Nathalie Duinkerke"}}]}},"_links":{"self":[{"href":"https:\/\/firstbasegroundscrews.com\/pt-pt\/wp-json\/wp\/v2\/posts\/9751","targetHints":{"allow":["GET"]}}],"collection":[{"href":"https:\/\/firstbasegroundscrews.com\/pt-pt\/wp-json\/wp\/v2\/posts"}],"about":[{"href":"https:\/\/firstbasegroundscrews.com\/pt-pt\/wp-json\/wp\/v2\/types\/post"}],"author":[{"embeddable":true,"href":"https:\/\/firstbasegroundscrews.com\/pt-pt\/wp-json\/wp\/v2\/users\/7"}],"replies":[{"embeddable":true,"href":"https:\/\/firstbasegroundscrews.com\/pt-pt\/wp-json\/wp\/v2\/comments?post=9751"}],"version-history":[{"count":1,"href":"https:\/\/firstbasegroundscrews.com\/pt-pt\/wp-json\/wp\/v2\/posts\/9751\/revisions"}],"predecessor-version":[{"id":9752,"href":"https:\/\/firstbasegroundscrews.com\/pt-pt\/wp-json\/wp\/v2\/posts\/9751\/revisions\/9752"}],"wp:featuredmedia":[{"embeddable":true,"href":"https:\/\/firstbasegroundscrews.com\/pt-pt\/wp-json\/wp\/v2\/media\/9736"}],"wp:attachment":[{"href":"https:\/\/firstbasegroundscrews.com\/pt-pt\/wp-json\/wp\/v2\/media?parent=9751"}],"wp:term":[{"taxonomy":"category","embeddable":true,"href":"https:\/\/firstbasegroundscrews.com\/pt-pt\/wp-json\/wp\/v2\/categories?post=9751"},{"taxonomy":"post_tag","embeddable":true,"href":"https:\/\/firstbasegroundscrews.com\/pt-pt\/wp-json\/wp\/v2\/tags?post=9751"}],"curies":[{"name":"wp","href":"https:\/\/api.w.org\/{rel}","templated":true}]}}